{"id":2849,"date":"2025-12-01T11:01:23","date_gmt":"2025-12-01T11:01:23","guid":{"rendered":"https:\/\/marktmusik-treffen.at\/wordpress\/?p=2849"},"modified":"2025-12-01T11:01:23","modified_gmt":"2025-12-01T11:01:23","slug":"herbstkonzert-2025","status":"publish","type":"post","link":"https:\/\/marktmusik-treffen.at\/wordpress\/index.php\/2025\/12\/01\/herbstkonzert-2025\/","title":{"rendered":"Herbstkonzert 2025"},"content":{"rendered":"<div class=\"xdj266r x14z9mp xat24cr x1lziwak x1vvkbs x126k92a\">\n<div dir=\"auto\">\n<div class=\"xdj266r x14z9mp xat24cr x1lziwak x1vvkbs x126k92a\">\n<div dir=\"auto\">Am 25.10.2025 durften wir mit unserem Konzert &#8222;Die Sonne geht auf&#8220; die Treffner Kulturwochen er\u00f6ffnen.<\/div>\n<div dir=\"auto\">&nbsp;<\/div>\n<\/div>\n<div class=\"x14z9mp xat24cr x1lziwak x1vvkbs xtlvy1s x126k92a\">\n<div dir=\"auto\">Es war uns eine besondere Freude bei dieser Gelegenheit unsere Marketenderin Lisa-Maria Kalin in ihrer neuen Rolle als unsere Sprecherin vorzustellen. Trotz anf\u00e4nglicher Nervosit\u00e4t meisterte sie diese Aufgabe mit viel Charme und Witz!<\/div>\n<div dir=\"auto\">&nbsp;<\/div>\n<\/div>\n<div class=\"x14z9mp xat24cr x1lziwak x1vvkbs xtlvy1s x126k92a\">\n<div dir=\"auto\">Au\u00dferdem durften wir zwei Musikerinnen zu ihren erfolgreich abgelegten Leistungsabzeichen gratulieren.<span class=\"html-span xexx8yu xyri2b x18d9i69 x1c1uobl x1hl2dhg x16tdsg8 x1vvkbs x3nfvp2 x1j61x8r x1fcty0u xdj266r xat24cr xm2jcoa x1mpyi22 xxymvpz xlup9mm x1kky2od\"><img decoding=\"async\" class=\"xz74otr x15mokao x1ga7v0g x16uus16 xbiv7yw\" src=\"https:\/\/static.xx.fbcdn.net\/images\/emoji.php\/v9\/tfe\/1\/16\/1f44f.png\" alt=\"\ud83d\udc4f\" width=\"16\" height=\"16\"><\/span><\/div>\n<div dir=\"auto\">&nbsp;<\/div>\n<\/div>\n<div class=\"x14z9mp xat24cr x1lziwak x1vvkbs xtlvy1s x126k92a\">\n<div dir=\"auto\">Besonders \u00fcberw\u00e4ltigt hat uns unser Publikum! Volles Haus, so voll dass es keine Sitzpl\u00e4tze mehr gab <span class=\"html-span xexx8yu xyri2b x18d9i69 x1c1uobl x1hl2dhg x16tdsg8 x1vvkbs x3nfvp2 x1j61x8r x1fcty0u xdj266r xat24cr xm2jcoa x1mpyi22 xxymvpz xlup9mm x1kky2od\"><img decoding=\"async\" class=\"xz74otr x15mokao x1ga7v0g x16uus16 xbiv7yw\" src=\"https:\/\/static.xx.fbcdn.net\/images\/emoji.php\/v9\/t27\/1\/16\/1fae3.png\" alt=\"\ud83e\udee3\" width=\"16\" height=\"16\"><\/span><\/div>\n<div dir=\"auto\">&nbsp;<\/div>\n<div dir=\"auto\">Wir bedanken uns herzlich bei allen die Teil dieses besonderen Abends waren und uns bis zum letzten St\u00fcck mit ihrem Applaus unterst\u00fctzten!<\/div>\n<\/div>\n<\/div>\n<\/div>\n\n\n<p><\/p>\n","protected":false},"excerpt":{"rendered":"<p>Am 25.10.2025 durften wir mit unserem Konzert &#8222;Die Sonne geht auf&#8220; die Treffner Kulturwochen er\u00f6ffnen. &nbsp; Es war uns eine besondere Freude bei dieser Gelegenheit unsere Marketenderin Lisa-Maria Kalin in ihrer neuen Rolle als unsere Sprecherin vorzustellen. Trotz anf\u00e4nglicher Nervosit\u00e4t meisterte sie diese Aufgabe mit viel Charme und Witz! &nbsp; Au\u00dferdem durften wir zwei Musikerinnen [&hellip;]<\/p>\n","protected":false},"author":1,"featured_media":2845,"comment_status":"open","ping_status":"closed","sticky":false,"template":"","format":"standard","meta":{"ngg_post_thumbnail":0,"footnotes":""},"categories":[1],"tags":[],"class_list":["post-2849","post","type-post","status-publish","format-standard","has-post-thumbnail","hentry","category-uncategorized","has-featured-image"],"_links":{"self":[{"href":"https:\/\/marktmusik-treffen.at\/wordpress\/index.php\/wp-json\/wp\/v2\/posts\/2849","targetHints":{"allow":["GET"]}}],"collection":[{"href":"https:\/\/marktmusik-treffen.at\/wordpress\/index.php\/wp-json\/wp\/v2\/posts"}],"about":[{"href":"https:\/\/marktmusik-treffen.at\/wordpress\/index.php\/wp-json\/wp\/v2\/types\/post"}],"author":[{"embeddable":true,"href":"https:\/\/marktmusik-treffen.at\/wordpress\/index.php\/wp-json\/wp\/v2\/users\/1"}],"replies":[{"embeddable":true,"href":"https:\/\/marktmusik-treffen.at\/wordpress\/index.php\/wp-json\/wp\/v2\/comments?post=2849"}],"version-history":[{"count":1,"href":"https:\/\/marktmusik-treffen.at\/wordpress\/index.php\/wp-json\/wp\/v2\/posts\/2849\/revisions"}],"predecessor-version":[{"id":2854,"href":"https:\/\/marktmusik-treffen.at\/wordpress\/index.php\/wp-json\/wp\/v2\/posts\/2849\/revisions\/2854"}],"wp:featuredmedia":[{"embeddable":true,"href":"https:\/\/marktmusik-treffen.at\/wordpress\/index.php\/wp-json\/wp\/v2\/media\/2845"}],"wp:attachment":[{"href":"https:\/\/marktmusik-treffen.at\/wordpress\/index.php\/wp-json\/wp\/v2\/media?parent=2849"}],"wp:term":[{"taxonomy":"category","embeddable":true,"href":"https:\/\/marktmusik-treffen.at\/wordpress\/index.php\/wp-json\/wp\/v2\/categories?post=2849"},{"taxonomy":"post_tag","embeddable":true,"href":"https:\/\/marktmusik-treffen.at\/wordpress\/index.php\/wp-json\/wp\/v2\/tags?post=2849"}],"curies":[{"name":"wp","href":"https:\/\/api.w.org\/{rel}","templated":true}]}}