{"id":2843,"date":"2025-10-11T10:53:23","date_gmt":"2025-10-11T10:53:23","guid":{"rendered":"https:\/\/marktmusik-treffen.at\/wordpress\/?p=2843"},"modified":"2025-12-01T11:00:42","modified_gmt":"2025-12-01T11:00:42","slug":"probewochenende-2025","status":"publish","type":"post","link":"https:\/\/marktmusik-treffen.at\/wordpress\/index.php\/2025\/10\/11\/probewochenende-2025\/","title":{"rendered":"Probewochenende 2025"},"content":{"rendered":"<div class=\"xdj266r x14z9mp xat24cr x1lziwak x1vvkbs x126k92a\">\n<div dir=\"auto\">\n<div class=\"xdj266r x14z9mp xat24cr x1lziwak x1vvkbs x126k92a\">\n<div dir=\"auto\">\n<div class=\"x14z9mp xat24cr x1lziwak x1vvkbs xtlvy1s x126k92a\">\n<div dir=\"auto\">Um uns ideal auf unser Herbstkonzert am 25.10.2025 vorzubereiten, nahmen wir uns am Wochenende die Zeit zum intensiven Proben der St\u00fccke.<\/div>\n<div dir=\"auto\">Nicht nur alle gemeinsam, sondern auch als einzelne Registerproben, um unser K\u00f6nnen noch weiter zu verfeinern!<\/div>\n<div dir=\"auto\">&nbsp;<\/div>\n<\/div>\n<div class=\"x14z9mp xat24cr x1lziwak x1vvkbs xtlvy1s x126k92a\">\n<div dir=\"auto\">Abgesehen vom Proben hatten wir eine wundersch\u00f6ne Zeit und wurden herrlich beim Laner in Arriach verk\u00f6stigt!<\/div>\n<div dir=\"auto\">&nbsp;<\/div>\n<\/div>\n<div class=\"x14z9mp xat24cr x1lziwak x1vvkbs xtlvy1s x126k92a\">\n<div dir=\"auto\">Vielen Dank an alle die sich die Zeit genommen haben uns an diesem Wochenende zu unterst\u00fctzen.<\/div>\n<\/div>\n<\/div>\n<\/div>\n<\/div>\n<\/div>\n\n\n<p><\/p>\n","protected":false},"excerpt":{"rendered":"<p>Um uns ideal auf unser Herbstkonzert am 25.10.2025 vorzubereiten, nahmen wir uns am Wochenende die Zeit zum intensiven Proben der St\u00fccke. Nicht nur alle gemeinsam, sondern auch als einzelne Registerproben, um unser K\u00f6nnen noch weiter zu verfeinern! &nbsp; Abgesehen vom Proben hatten wir eine wundersch\u00f6ne Zeit und wurden herrlich beim Laner in Arriach verk\u00f6stigt! &nbsp; [&hellip;]<\/p>\n","protected":false},"author":1,"featured_media":2851,"comment_status":"open","ping_status":"closed","sticky":false,"template":"","format":"standard","meta":{"ngg_post_thumbnail":0,"footnotes":""},"categories":[1],"tags":[],"class_list":["post-2843","post","type-post","status-publish","format-standard","has-post-thumbnail","hentry","category-uncategorized","has-featured-image"],"_links":{"self":[{"href":"https:\/\/marktmusik-treffen.at\/wordpress\/index.php\/wp-json\/wp\/v2\/posts\/2843","targetHints":{"allow":["GET"]}}],"collection":[{"href":"https:\/\/marktmusik-treffen.at\/wordpress\/index.php\/wp-json\/wp\/v2\/posts"}],"about":[{"href":"https:\/\/marktmusik-treffen.at\/wordpress\/index.php\/wp-json\/wp\/v2\/types\/post"}],"author":[{"embeddable":true,"href":"https:\/\/marktmusik-treffen.at\/wordpress\/index.php\/wp-json\/wp\/v2\/users\/1"}],"replies":[{"embeddable":true,"href":"https:\/\/marktmusik-treffen.at\/wordpress\/index.php\/wp-json\/wp\/v2\/comments?post=2843"}],"version-history":[{"count":5,"href":"https:\/\/marktmusik-treffen.at\/wordpress\/index.php\/wp-json\/wp\/v2\/posts\/2843\/revisions"}],"predecessor-version":[{"id":2853,"href":"https:\/\/marktmusik-treffen.at\/wordpress\/index.php\/wp-json\/wp\/v2\/posts\/2843\/revisions\/2853"}],"wp:featuredmedia":[{"embeddable":true,"href":"https:\/\/marktmusik-treffen.at\/wordpress\/index.php\/wp-json\/wp\/v2\/media\/2851"}],"wp:attachment":[{"href":"https:\/\/marktmusik-treffen.at\/wordpress\/index.php\/wp-json\/wp\/v2\/media?parent=2843"}],"wp:term":[{"taxonomy":"category","embeddable":true,"href":"https:\/\/marktmusik-treffen.at\/wordpress\/index.php\/wp-json\/wp\/v2\/categories?post=2843"},{"taxonomy":"post_tag","embeddable":true,"href":"https:\/\/marktmusik-treffen.at\/wordpress\/index.php\/wp-json\/wp\/v2\/tags?post=2843"}],"curies":[{"name":"wp","href":"https:\/\/api.w.org\/{rel}","templated":true}]}}