{"id":2835,"date":"2025-10-12T16:57:42","date_gmt":"2025-10-12T16:57:42","guid":{"rendered":"https:\/\/marktmusik-treffen.at\/wordpress\/?p=2835"},"modified":"2025-12-01T10:57:16","modified_gmt":"2025-12-01T10:57:16","slug":"erntedankfest-2025","status":"publish","type":"post","link":"https:\/\/marktmusik-treffen.at\/wordpress\/index.php\/2025\/10\/12\/erntedankfest-2025\/","title":{"rendered":"Erntedankfest 2025"},"content":{"rendered":"<div class=\"xdj266r x14z9mp xat24cr x1lziwak x1vvkbs x126k92a\">\n<div dir=\"auto\">Am 12.10.2025 waren wir Teil des Erntedankfestes der Landjugend Treffen.<\/div>\n<div dir=\"auto\">&nbsp;<\/div>\n<div dir=\"auto\">Zuerst durften wir mit klingendem Spiel den Umzug zur Kranzniederlegung am Dorfplatz begleiten. Anschlie\u00dfend gab es ein Konzert nach dem Festakt im Pfarrgarten.<\/div>\n<\/div>\n<div class=\"x14z9mp xat24cr x1lziwak x1vvkbs xtlvy1s x126k92a\">\n<div dir=\"auto\">Es war uns eine Freude diesen sch\u00f6nen Tag mitgestalten zu d\u00fcrfen!<\/div>\n<\/div>\n\n\n<p><\/p>\n","protected":false},"excerpt":{"rendered":"<p>Am 12.10.2025 waren wir Teil des Erntedankfestes der Landjugend Treffen. &nbsp; Zuerst durften wir mit klingendem Spiel den Umzug zur Kranzniederlegung am Dorfplatz begleiten. Anschlie\u00dfend gab es ein Konzert nach dem Festakt im Pfarrgarten. Es war uns eine Freude diesen sch\u00f6nen Tag mitgestalten zu d\u00fcrfen!<\/p>\n","protected":false},"author":1,"featured_media":2838,"comment_status":"open","ping_status":"closed","sticky":false,"template":"","format":"standard","meta":{"ngg_post_thumbnail":0,"footnotes":""},"categories":[1],"tags":[],"class_list":["post-2835","post","type-post","status-publish","format-standard","has-post-thumbnail","hentry","category-uncategorized","has-featured-image"],"_links":{"self":[{"href":"https:\/\/marktmusik-treffen.at\/wordpress\/index.php\/wp-json\/wp\/v2\/posts\/2835","targetHints":{"allow":["GET"]}}],"collection":[{"href":"https:\/\/marktmusik-treffen.at\/wordpress\/index.php\/wp-json\/wp\/v2\/posts"}],"about":[{"href":"https:\/\/marktmusik-treffen.at\/wordpress\/index.php\/wp-json\/wp\/v2\/types\/post"}],"author":[{"embeddable":true,"href":"https:\/\/marktmusik-treffen.at\/wordpress\/index.php\/wp-json\/wp\/v2\/users\/1"}],"replies":[{"embeddable":true,"href":"https:\/\/marktmusik-treffen.at\/wordpress\/index.php\/wp-json\/wp\/v2\/comments?post=2835"}],"version-history":[{"count":5,"href":"https:\/\/marktmusik-treffen.at\/wordpress\/index.php\/wp-json\/wp\/v2\/posts\/2835\/revisions"}],"predecessor-version":[{"id":2848,"href":"https:\/\/marktmusik-treffen.at\/wordpress\/index.php\/wp-json\/wp\/v2\/posts\/2835\/revisions\/2848"}],"wp:featuredmedia":[{"embeddable":true,"href":"https:\/\/marktmusik-treffen.at\/wordpress\/index.php\/wp-json\/wp\/v2\/media\/2838"}],"wp:attachment":[{"href":"https:\/\/marktmusik-treffen.at\/wordpress\/index.php\/wp-json\/wp\/v2\/media?parent=2835"}],"wp:term":[{"taxonomy":"category","embeddable":true,"href":"https:\/\/marktmusik-treffen.at\/wordpress\/index.php\/wp-json\/wp\/v2\/categories?post=2835"},{"taxonomy":"post_tag","embeddable":true,"href":"https:\/\/marktmusik-treffen.at\/wordpress\/index.php\/wp-json\/wp\/v2\/tags?post=2835"}],"curies":[{"name":"wp","href":"https:\/\/api.w.org\/{rel}","templated":true}]}}