{"id":1760,"date":"2023-09-22T11:36:36","date_gmt":"2023-09-22T11:36:36","guid":{"rendered":"https:\/\/marktmusik-treffen.at\/wordpress\/?p=1760"},"modified":"2023-10-05T07:12:36","modified_gmt":"2023-10-05T07:12:36","slug":"treffner-kirchtag","status":"publish","type":"post","link":"https:\/\/marktmusik-treffen.at\/wordpress\/index.php\/2023\/09\/22\/treffner-kirchtag\/","title":{"rendered":"Treffner Kirchtag"},"content":{"rendered":"<p>Vergangenes Wochenende stand wie jedes Jahr der Treffner Kirchtag an. Die Jugend der MMT machte sich am Samstag auf den Weg um alle Bewohner*innen in Treffen zum Kirchtag einzuladen. Am Sonntag fand dann der traditionelle Platztanz und das Hochleben der Ehreng\u00e4ste gemeinsam mit der Landjugend Treffen und der FF Treffen statt. Die MMT spielte anschlie\u00dfend noch ein Fr\u00fchshoppen Konzert. Wir bedanken uns recht herzlich bei allen Besucher*innen.<\/p>\n<p><span style=\"color: #800000;\"><a style=\"color: #800000;\" href=\"https:\/\/marktmusik-treffen.at\/wordpress\/index.php\/2023-2\/nggallery\/2023\/treffner-kirchtag-2023\">Galerie<\/a><\/span><\/p>\n","protected":false},"excerpt":{"rendered":"<p>Vergangenes Wochenende stand wie jedes Jahr der Treffner Kirchtag an. Die Jugend der MMT machte sich am Samstag auf den Weg um alle Bewohner*innen in Treffen zum Kirchtag einzuladen. Am Sonntag fand dann der traditionelle Platztanz und das Hochleben der Ehreng\u00e4ste gemeinsam mit der Landjugend Treffen und der FF Treffen statt. Die MMT spielte anschlie\u00dfend [&hellip;]<\/p>\n","protected":false},"author":1,"featured_media":1761,"comment_status":"open","ping_status":"closed","sticky":false,"template":"","format":"standard","meta":{"ngg_post_thumbnail":0,"footnotes":""},"categories":[1],"tags":[],"class_list":["post-1760","post","type-post","status-publish","format-standard","has-post-thumbnail","hentry","category-uncategorized","has-featured-image"],"_links":{"self":[{"href":"https:\/\/marktmusik-treffen.at\/wordpress\/index.php\/wp-json\/wp\/v2\/posts\/1760","targetHints":{"allow":["GET"]}}],"collection":[{"href":"https:\/\/marktmusik-treffen.at\/wordpress\/index.php\/wp-json\/wp\/v2\/posts"}],"about":[{"href":"https:\/\/marktmusik-treffen.at\/wordpress\/index.php\/wp-json\/wp\/v2\/types\/post"}],"author":[{"embeddable":true,"href":"https:\/\/marktmusik-treffen.at\/wordpress\/index.php\/wp-json\/wp\/v2\/users\/1"}],"replies":[{"embeddable":true,"href":"https:\/\/marktmusik-treffen.at\/wordpress\/index.php\/wp-json\/wp\/v2\/comments?post=1760"}],"version-history":[{"count":5,"href":"https:\/\/marktmusik-treffen.at\/wordpress\/index.php\/wp-json\/wp\/v2\/posts\/1760\/revisions"}],"predecessor-version":[{"id":2112,"href":"https:\/\/marktmusik-treffen.at\/wordpress\/index.php\/wp-json\/wp\/v2\/posts\/1760\/revisions\/2112"}],"wp:featuredmedia":[{"embeddable":true,"href":"https:\/\/marktmusik-treffen.at\/wordpress\/index.php\/wp-json\/wp\/v2\/media\/1761"}],"wp:attachment":[{"href":"https:\/\/marktmusik-treffen.at\/wordpress\/index.php\/wp-json\/wp\/v2\/media?parent=1760"}],"wp:term":[{"taxonomy":"category","embeddable":true,"href":"https:\/\/marktmusik-treffen.at\/wordpress\/index.php\/wp-json\/wp\/v2\/categories?post=1760"},{"taxonomy":"post_tag","embeddable":true,"href":"https:\/\/marktmusik-treffen.at\/wordpress\/index.php\/wp-json\/wp\/v2\/tags?post=1760"}],"curies":[{"name":"wp","href":"https:\/\/api.w.org\/{rel}","templated":true}]}}