{"id":1757,"date":"2023-09-20T11:35:46","date_gmt":"2023-09-20T11:35:46","guid":{"rendered":"https:\/\/marktmusik-treffen.at\/wordpress\/?p=1757"},"modified":"2023-09-28T08:09:48","modified_gmt":"2023-09-28T08:09:48","slug":"florianitreffen","status":"publish","type":"post","link":"https:\/\/marktmusik-treffen.at\/wordpress\/index.php\/2023\/09\/20\/florianitreffen\/","title":{"rendered":"Florianitreffen"},"content":{"rendered":"<p>Am vergangenen Samstag, haben die 5 KAT-Z\u00fcge, gemeinsam mit Bundesheer und Polizei, verschiedene \u00dcbungen in ganz K\u00e4rnten durchgef\u00fchrt. Anschlie\u00dfend fand das Florianitreffen in Treffen statt. Gemeinsam mit der Trachtenkapelle Arriach durften wir diese Veranstaltung musikalisch umrahmen.<\/p>\n<p><span style=\"color: #800000;\"><a style=\"color: #800000;\" href=\"https:\/\/marktmusik-treffen.at\/wordpress\/index.php\/2023-2\/nggallery\/2023\/florianitreffen-2023\">Galerie<\/a><\/span><\/p>\n","protected":false},"excerpt":{"rendered":"<p>Am vergangenen Samstag, haben die 5 KAT-Z\u00fcge, gemeinsam mit Bundesheer und Polizei, verschiedene \u00dcbungen in ganz K\u00e4rnten durchgef\u00fchrt. Anschlie\u00dfend fand das Florianitreffen in Treffen statt. Gemeinsam mit der Trachtenkapelle Arriach durften wir diese Veranstaltung musikalisch umrahmen. Galerie<\/p>\n","protected":false},"author":1,"featured_media":1758,"comment_status":"open","ping_status":"closed","sticky":false,"template":"","format":"standard","meta":{"ngg_post_thumbnail":0,"footnotes":""},"categories":[1],"tags":[],"class_list":["post-1757","post","type-post","status-publish","format-standard","has-post-thumbnail","hentry","category-uncategorized","has-featured-image"],"_links":{"self":[{"href":"https:\/\/marktmusik-treffen.at\/wordpress\/index.php\/wp-json\/wp\/v2\/posts\/1757","targetHints":{"allow":["GET"]}}],"collection":[{"href":"https:\/\/marktmusik-treffen.at\/wordpress\/index.php\/wp-json\/wp\/v2\/posts"}],"about":[{"href":"https:\/\/marktmusik-treffen.at\/wordpress\/index.php\/wp-json\/wp\/v2\/types\/post"}],"author":[{"embeddable":true,"href":"https:\/\/marktmusik-treffen.at\/wordpress\/index.php\/wp-json\/wp\/v2\/users\/1"}],"replies":[{"embeddable":true,"href":"https:\/\/marktmusik-treffen.at\/wordpress\/index.php\/wp-json\/wp\/v2\/comments?post=1757"}],"version-history":[{"count":2,"href":"https:\/\/marktmusik-treffen.at\/wordpress\/index.php\/wp-json\/wp\/v2\/posts\/1757\/revisions"}],"predecessor-version":[{"id":1900,"href":"https:\/\/marktmusik-treffen.at\/wordpress\/index.php\/wp-json\/wp\/v2\/posts\/1757\/revisions\/1900"}],"wp:featuredmedia":[{"embeddable":true,"href":"https:\/\/marktmusik-treffen.at\/wordpress\/index.php\/wp-json\/wp\/v2\/media\/1758"}],"wp:attachment":[{"href":"https:\/\/marktmusik-treffen.at\/wordpress\/index.php\/wp-json\/wp\/v2\/media?parent=1757"}],"wp:term":[{"taxonomy":"category","embeddable":true,"href":"https:\/\/marktmusik-treffen.at\/wordpress\/index.php\/wp-json\/wp\/v2\/categories?post=1757"},{"taxonomy":"post_tag","embeddable":true,"href":"https:\/\/marktmusik-treffen.at\/wordpress\/index.php\/wp-json\/wp\/v2\/tags?post=1757"}],"curies":[{"name":"wp","href":"https:\/\/api.w.org\/{rel}","templated":true}]}}